{"id":2273,"date":"2023-05-09T20:15:03","date_gmt":"2023-05-09T18:15:03","guid":{"rendered":"https:\/\/cfsbalaguer.com\/?p=2273"},"modified":"2023-05-09T20:15:03","modified_gmt":"2023-05-09T18:15:03","slug":"dos-campionats-assolits-aquest-maig-de-2023","status":"publish","type":"post","link":"https:\/\/cfsbalaguer.com\/index.php\/2023\/05\/09\/dos-campionats-assolits-aquest-maig-de-2023\/","title":{"rendered":"Dos campionats assolits aquest Maig de 2023"},"content":{"rendered":"<p>El passat divendres 5 de maig, l&#8217;equip Prebenjam\u00ed es proclamava campi\u00f3 del grup 11 de la Copa Catalunya, despr\u00e9s d&#8217;empatar contra l&#8217;EFS Balaguer-Comtat d&#8217;Urgell.<\/p>\n<p>Per la seva part, l&#8217;Alev\u00ed B es van imposar a l&#8217;Episcopal en un partit molt renyit, i es proclamava Campi\u00f3 de la 2\u00aa divisi\u00f3 del Grup 9.<\/p>\n<p>Des de la Junta, es vol donar l&#8217;enhorabona als jugadors, cos t\u00e8cnics i fam\u00edlies per fer-nos gaudir durant tota la temporada. Desitgem que hagin gaudit durant la temporada i que continuin treballant com fins ara.<\/p>\n","protected":false},"excerpt":{"rendered":"<p>El passat divendres 5 de maig, l&#8217;equip Prebenjam\u00ed es proclamava campi\u00f3 del grup 11 de la Copa Catalunya, despr\u00e9s d&#8217;empatar contra l&#8217;EFS Balaguer-Comtat d&#8217;Urgell. Per la seva part, l&#8217;Alev\u00ed B es van imposar a l&#8217;Episcopal en un partit molt renyit, i es proclamava Campi\u00f3 de la 2\u00aa divisi\u00f3 del Grup 9. Des de la Junta, [&hellip;]<\/p>\n","protected":false},"author":1,"featured_media":2277,"comment_status":"closed","ping_status":"closed","sticky":false,"template":"","format":"standard","meta":{"footnotes":""},"categories":[23],"tags":[],"class_list":["post-2273","post","type-post","status-publish","format-standard","has-post-thumbnail","hentry","category-noticies"],"_links":{"self":[{"href":"https:\/\/cfsbalaguer.com\/index.php\/wp-json\/wp\/v2\/posts\/2273","targetHints":{"allow":["GET"]}}],"collection":[{"href":"https:\/\/cfsbalaguer.com\/index.php\/wp-json\/wp\/v2\/posts"}],"about":[{"href":"https:\/\/cfsbalaguer.com\/index.php\/wp-json\/wp\/v2\/types\/post"}],"author":[{"embeddable":true,"href":"https:\/\/cfsbalaguer.com\/index.php\/wp-json\/wp\/v2\/users\/1"}],"replies":[{"embeddable":true,"href":"https:\/\/cfsbalaguer.com\/index.php\/wp-json\/wp\/v2\/comments?post=2273"}],"version-history":[{"count":1,"href":"https:\/\/cfsbalaguer.com\/index.php\/wp-json\/wp\/v2\/posts\/2273\/revisions"}],"predecessor-version":[{"id":2276,"href":"https:\/\/cfsbalaguer.com\/index.php\/wp-json\/wp\/v2\/posts\/2273\/revisions\/2276"}],"wp:featuredmedia":[{"embeddable":true,"href":"https:\/\/cfsbalaguer.com\/index.php\/wp-json\/wp\/v2\/media\/2277"}],"wp:attachment":[{"href":"https:\/\/cfsbalaguer.com\/index.php\/wp-json\/wp\/v2\/media?parent=2273"}],"wp:term":[{"taxonomy":"category","embeddable":true,"href":"https:\/\/cfsbalaguer.com\/index.php\/wp-json\/wp\/v2\/categories?post=2273"},{"taxonomy":"post_tag","embeddable":true,"href":"https:\/\/cfsbalaguer.com\/index.php\/wp-json\/wp\/v2\/tags?post=2273"}],"curies":[{"name":"wp","href":"https:\/\/api.w.org\/{rel}","templated":true}]}}